{"id":79,"date":"2020-12-07T12:12:56","date_gmt":"2020-12-07T15:12:56","guid":{"rendered":"https:\/\/solseguros.com.br\/blog\/?p=79"},"modified":"2020-12-07T12:17:37","modified_gmt":"2020-12-07T15:17:37","slug":"reajustes-de-2020-dos-planos-de-saude-serao-parcelados-em-12-vezes-conheca-as-regras-e-as-alternativas","status":"publish","type":"post","link":"https:\/\/solseguros.com.br\/blog\/reajustes-de-2020-dos-planos-de-saude-serao-parcelados-em-12-vezes-conheca-as-regras-e-as-alternativas\/","title":{"rendered":"Reajustes de 2020 dos planos de sa\u00fade ser\u00e3o parcelados em 12 vezes: conhe\u00e7a as regras e as alternativas."},"content":{"rendered":"<p>A t\u00e3o esperada not\u00edcia de como os planos de sa\u00fade v\u00e3o cobrar o reajuste dos planos de sa\u00fade \u2013 que foi congelado em 2020 \u2013 chegou. O valor ser\u00e1 cobrado em 12x em 2021.<\/p>\n<p>Tanto o reajuste anual quanto o reajuste por faixa et\u00e1ria foram suspensos de setembro a dezembro de 2020 e este valor ser\u00e1 cobrado em 2021, todos os meses, de maneira parcelada.<\/p>\n<p>Em termos pr\u00e1ticos, isso significa que<strong> a mensalidade do seu plano atual ser\u00e1 a soma desses itens:<\/strong><\/p>\n<p><strong>\u00a0<\/strong><strong>Valor do seu plano + reajuste anual de 2020\u00a0 (e tamb\u00e9m reajuste por faixa et\u00e1ria, se houver) + parcela do reajuste congelado <\/strong><\/p>\n<p>Importante lembrar que em 2021 o seu boleto vir\u00e1 com a especifica\u00e7\u00e3o:<\/p>\n<ul>\n<li>o valor da mensalidade: <strong>j\u00e1 com o reajuste anual ou por faixa et\u00e1ria ou ambos<\/strong><\/li>\n<li><strong>o valor da parcela relativa \u00e0 recomposi\u00e7\u00e3o do reajuste de 2020<\/strong><\/li>\n<li>a informa\u00e7\u00e3o de que parcela \u00e9 (exemplo: parcela x\/12)<\/li>\n<\/ul>\n<p>Sim, a conta vai ficar alta, especialmente para as empresas. Imagine se o reajuste por faixa et\u00e1ria se somar ao anual e agora a empresa tem uma parcela significativa de funcion\u00e1rios que mudaram de faixa et\u00e1ria?<\/p>\n<h3><strong>Ok, mas qual a solu\u00e7\u00e3o?<\/strong><\/h3>\n<p>Cada caso \u00e9 um caso mas, de maneira geral, a grande maioria dos nossos clientes est\u00e1 optando por mudar o plano de sa\u00fade para um valor mais barato. Quais as vantagens?<\/p>\n<p>\u2022 O novo plano pode ter um valor mais baixo do que voc\u00ea paga hoje<\/p>\n<p>\u2022 O valor de hoje \u2013 menor que o anterior \u2013 n\u00e3o ter\u00e1 o reajuste anual at\u00e9 dezembro de 2021, pois ele j\u00e1 \u00e9 um valor reajustado.<\/p>\n<p>\u2022 Somente ter\u00e1 reajustes por faixa et\u00e1ria, se houver mudan\u00e7a de faixa em 2021. Se n\u00e3o, o valor j\u00e1 \u00e9 o final.<\/p>\n<p>\u2022 As parcelas da d\u00edvida n\u00e3o pesar\u00e3o tanto no bolso, pois o novo plano tem um valor abaixo do plano anterior reajustado.<\/p>\n<p>&nbsp;<\/p>\n<p><strong>Ficou em d\u00favida? Fale com um especialista.<\/strong><\/p>\n<p>Caso voc\u00ea ainda tenha d\u00favidas ou queira contratar um seguro sob medida para as suas necessidades, entre em contato com o Paulo Modesto da <a href=\"https:\/\/solseguros.com.br\/contato.php\"><strong>Sol Seguros<\/strong><\/a> pelo e-mail <a href=\"mailto:modesto@solseguros.com.br\">modesto@solseguros.com.br<\/a> ou pelo nosso WhatsApp <a href=\"https:\/\/wa.me\/5521999433993\">+55 21 99943 3993<\/a><\/p>\n","protected":false},"excerpt":{"rendered":"<p>A t\u00e3o esperada not\u00edcia de como os planos de sa\u00fade v\u00e3o cobrar o reajuste dos planos de sa\u00fade \u2013 que foi congelado em 2020 \u2013 chegou. O valor ser\u00e1 cobrado em 12x em 2021. Tanto o reajuste anual quanto o reajuste por faixa et\u00e1ria foram suspensos de setembro a dezembro de 2020 e este valor [&hellip;]<\/p>\n","protected":false},"author":2,"featured_media":80,"comment_status":"closed","ping_status":"open","sticky":false,"template":"","format":"standard","meta":[],"categories":[2],"tags":[],"_links":{"self":[{"href":"https:\/\/solseguros.com.br\/blog\/wp-json\/wp\/v2\/posts\/79"}],"collection":[{"href":"https:\/\/solseguros.com.br\/blog\/wp-json\/wp\/v2\/posts"}],"about":[{"href":"https:\/\/solseguros.com.br\/blog\/wp-json\/wp\/v2\/types\/post"}],"author":[{"embeddable":true,"href":"https:\/\/solseguros.com.br\/blog\/wp-json\/wp\/v2\/users\/2"}],"replies":[{"embeddable":true,"href":"https:\/\/solseguros.com.br\/blog\/wp-json\/wp\/v2\/comments?post=79"}],"version-history":[{"count":9,"href":"https:\/\/solseguros.com.br\/blog\/wp-json\/wp\/v2\/posts\/79\/revisions"}],"predecessor-version":[{"id":90,"href":"https:\/\/solseguros.com.br\/blog\/wp-json\/wp\/v2\/posts\/79\/revisions\/90"}],"wp:featuredmedia":[{"embeddable":true,"href":"https:\/\/solseguros.com.br\/blog\/wp-json\/wp\/v2\/media\/80"}],"wp:attachment":[{"href":"https:\/\/solseguros.com.br\/blog\/wp-json\/wp\/v2\/media?parent=79"}],"wp:term":[{"taxonomy":"category","embeddable":true,"href":"https:\/\/solseguros.com.br\/blog\/wp-json\/wp\/v2\/categories?post=79"},{"taxonomy":"post_tag","embeddable":true,"href":"https:\/\/solseguros.com.br\/blog\/wp-json\/wp\/v2\/tags?post=79"}],"curies":[{"name":"wp","href":"https:\/\/api.w.org\/{rel}","templated":true}]}}